{"id":2371,"date":"2020-10-29T17:27:05","date_gmt":"2020-10-29T17:27:05","guid":{"rendered":"https:\/\/gruene-hofheim.de\/?p=2371"},"modified":"2020-10-29T17:27:06","modified_gmt":"2020-10-29T17:27:06","slug":"pm-hofheim-verweigert-wirksamen-klimaschutz","status":"publish","type":"post","link":"https:\/\/gruene-hofheim.de\/?p=2371","title":{"rendered":"PM: Hofheim verweigert wirksamen Klimaschutz"},"content":{"rendered":"\n<p><span class=\"\" style=\"font-size: large;\"><b class=\"\">GR\u00dcNE lehnen Haushaltsentwurf auch wegen fehlender Klimaschutzstrategie ab<br class=\"\" \/><\/b><\/span><br class=\"\" \/>Mit v\u00f6lligem Unverst\u00e4ndnis haben B\u00dcNDNIS 90\/DIE GR\u00dcNEN auf die Entscheidung der Regierungskooperation reagiert, keinen Klimaschutzmanager f\u00fcr Hofheim zu erm\u00f6glichen. Bei den\u00a0Beratungen zum neuen Haushalt am Mittwochabend in der Stadtverordnetenversammlung wurde der Antrag der GR\u00dcNEN zur Einrichtung einer entsprechenden Stelle, verbunden mit der\u00a0Erstellung eines wirksamen Klimaschutzkonzepts, abgelehnt.<br class=\"\" \/><br class=\"\" \/>\u201eEin aktuelles \u00dcbersichtspapier, in dem sechs Institutionen aus Klimaforschung und Klimakommunikation den aktuellen Wissensstand rund um die menschengemachte Erderhitzung\u00a0zusammengestellt haben, sagt: Der Klimawandel ist gef\u00e4hrlich. Die Fachleute sind sich einig. Wir k\u00f6nnen noch etwas tun\u201c, warnt eindringlich Daniel Philipp, Fraktionsvorsitzender der GR\u00dcNEN in\u00a0seiner Haushaltsrede.<br class=\"\" \/>In vielen St\u00e4dten und Gemeinden werde der Klimawandel wegen seiner ernsthaften Bedrohung entschieden angegangen. In Hofheim hei\u00dfe es jedoch: \u201eDas brauchen wir nicht!\u201c<\/p>\n<div class=\"\"><br class=\"\" \/>Die im Hofheimer Haushalt nun eingestellten Mittel f\u00fcr eine einzelne Klimaschutzma\u00dfnahme reichten bei Weitem nicht, so die GR\u00dcNEN. Denn Klimaschutz umfasse ganz unterschiedliche\u00a0Themengebiete und Aufgaben: Energiewende, Verkehrswende, W\u00e4rmewende und die Ern\u00e4hrungswende, um nur die wichtigsten Teilgebiete aufzuz\u00e4hlen. Deshalb brauche es eine Konzeption und\u00a0Personal, um die zu entwickelnden Ma\u00dfnahmen auch umsetzen k\u00f6nne. Zumal es in Hofheim kein Monitoring \u00fcber Energieverbrauch und CO2-Aussto\u00df gebe.<br class=\"\" \/><br class=\"\" \/><span class=\"\" style=\"font-size: large;\"><b class=\"\">Klimaschutzmanagement wird zu 70 Prozent bezuschusst<\/b><\/span><br class=\"\" \/>Die von B\u00dcNDNIS 90\/DIE GR\u00dcNEN beantragte Stelle f\u00fcr Klimaschutzmanagement samt Klimaschutzkonzept beinhalte eine sogenannte CO2-Er\u00f6ffnungsbilanz, in der die Verbr\u00e4uche von Strom,\u00a0W\u00e4rme und Mobilit\u00e4t dargestellt und eine Potenzialanalyse hinsichtlich m\u00f6glicher Einsparungen erstellt werde.<br class=\"\" \/>Und, betont Daniel Philipp: \u201eEine Stelle f\u00fcr Klimaschutzmanagement wird mit F\u00f6rdermitteln des Bundesumweltministeriums in H\u00f6he von 70 Prozent der Personal- und Sachmittel gef\u00f6rdert.\u201c\u00a0<b class=\"\">Mit der\u00a0Ablehnung des Antrags von B\u00dcNDNIS 90\/DIE GR\u00dcNEN verweigere die Regierungskooperation von CDU, SPD, FPD und FWG systematischen und wirkungsvollen Klimaschutz in der\u00a0Kreisstadt.<\/b><br class=\"\" \/><br class=\"\" \/>Das werde belastende Folgen haben, so Philipp. \u201eNicht nur, dass wir viel weniger Zeit haben, um die existenziell notwendigen Ma\u00dfnahmen umzusetzen, wir hinken auch immer weiter hinter der\u00a0aktuellen Bundesgesetzgebung her.\u201c Das Bundesklimaschutzgesetz von 2019 verlange, dass die Stadt Hofheim als Tr\u00e4gerin \u00f6ffentlicher Aufgaben Planungen und Entscheidungen auf ihre\u00a0Klimavertr\u00e4glichkeit pr\u00fcft. \u201eDavon ist aber nichts zu sehen.\u201c<\/div>\n","protected":false},"excerpt":{"rendered":"<p>GR\u00dcNE lehnen Haushaltsentwurf auch wegen fehlender Klimaschutzstrategie abMit v\u00f6lligem Unverst\u00e4ndnis haben B\u00dcNDNIS 90\/DIE GR\u00dcNEN auf die Entscheidung der Regierungskooperation reagiert, keinen Klimaschutzmanager f\u00fcr Hofheim zu erm\u00f6glichen. Bei den\u00a0Beratungen zum neuen [&hellip;]<\/p>\n","protected":false},"author":-1,"featured_media":2282,"comment_status":"open","ping_status":"open","sticky":false,"template":"","format":"standard","meta":{"footnotes":""},"categories":[11],"tags":[],"class_list":["post-2371","post","type-post","status-publish","format-standard","has-post-thumbnail","hentry","category-pressemitteilung"],"_links":{"self":[{"href":"https:\/\/gruene-hofheim.de\/index.php?rest_route=\/wp\/v2\/posts\/2371","targetHints":{"allow":["GET"]}}],"collection":[{"href":"https:\/\/gruene-hofheim.de\/index.php?rest_route=\/wp\/v2\/posts"}],"about":[{"href":"https:\/\/gruene-hofheim.de\/index.php?rest_route=\/wp\/v2\/types\/post"}],"author":[{"embeddable":true,"href":"https:\/\/gruene-hofheim.de\/index.php?rest_route=\/wp\/v2\/users\/1"}],"replies":[{"embeddable":true,"href":"https:\/\/gruene-hofheim.de\/index.php?rest_route=%2Fwp%2Fv2%2Fcomments&post=2371"}],"version-history":[{"count":2,"href":"https:\/\/gruene-hofheim.de\/index.php?rest_route=\/wp\/v2\/posts\/2371\/revisions"}],"predecessor-version":[{"id":2373,"href":"https:\/\/gruene-hofheim.de\/index.php?rest_route=\/wp\/v2\/posts\/2371\/revisions\/2373"}],"wp:featuredmedia":[{"embeddable":true,"href":"https:\/\/gruene-hofheim.de\/index.php?rest_route=\/wp\/v2\/media\/2282"}],"wp:attachment":[{"href":"https:\/\/gruene-hofheim.de\/index.php?rest_route=%2Fwp%2Fv2%2Fmedia&parent=2371"}],"wp:term":[{"taxonomy":"category","embeddable":true,"href":"https:\/\/gruene-hofheim.de\/index.php?rest_route=%2Fwp%2Fv2%2Fcategories&post=2371"},{"taxonomy":"post_tag","embeddable":true,"href":"https:\/\/gruene-hofheim.de\/index.php?rest_route=%2Fwp%2Fv2%2Ftags&post=2371"}],"curies":[{"name":"wp","href":"https:\/\/api.w.org\/{rel}","templated":true}]}}