{"id":3272,"date":"2025-11-18T21:56:26","date_gmt":"2025-11-18T21:56:26","guid":{"rendered":"https:\/\/gruene-hofheim.de\/?p=3272"},"modified":"2025-11-18T22:01:38","modified_gmt":"2025-11-18T22:01:38","slug":"pm-jazzkeller","status":"publish","type":"post","link":"https:\/\/gruene-hofheim.de\/?p=3272","title":{"rendered":"PM: Jazzkeller"},"content":{"rendered":"\n<h2 class=\"wp-block-heading\">Gr\u00fcne Stadtverordnetenfraktion setzt sich f\u00fcr den Erhalt und die Sanierung des Jazzkellers Hofheim ein<\/h2>\n\n\n\n<p>Als der Gr\u00fcne Erste Stadtrat Daniel Philipp f\u00fcr Montag, den 10. November 2025 zum Arbeitskreis \u201eHattersheimer Stra\u00dfe\u201c eingeladen hatte, kamen die Abgesandten der unterschiedlichen Fraktionen gerne. Der Arbeitskreis wurde seit langer Zeit das erste Mal wieder einberufen, um \u00fcber \u00c4nderungen im st\u00e4dtebaulichen Vertrag zu diskutieren. Der zust\u00e4ndige Dezernent Philipp hat diese Gelegenheit genutzt, seine transparente Arbeitsweise zu demonstrieren, indem er entgegen jahrelanger Gepflogenheit die Presse und \u00d6ffentlichkeit dabei zulie\u00df. F\u00fcr die Gr\u00fcnen ist das zentrale Resultat die einvernehmliche Feststellung, dass die G\u00fcterhalle, in der sich der Hofheimer Jazzkeller seit Jahrzehnten befindet, im Besitz der Stadt bleiben soll.<\/p>\n<p>Hierzu hatte die Gr\u00fcne Fraktion in der Stadtverordnetenversammlung am 25.06.2025 einen entsprechenden Antrag eingebracht, da im bisherigen st\u00e4dtebaulichen Vertrag die Rede davon war, dass der Jazzkeller an die Projektverwaltungsgesellschaft HORN 1 mbh &amp; Co KG fallen wird, sollte die Stadt vor Ende 2025 kein Vetorecht einlegen\/genauer gesagt: nicht eine bestimmte vertragliche Option geltend machen. Nach dieser Sitzung kann man davon ausgehen, dass dieses Einvernehmen im n\u00e4chsten Planungsausschuss sowie im der n\u00e4chsten Stadtverordnetenversammlung \u00fcber Beschluss manifestiert werden wird.<\/p>\n<p>Im Zuge der Verhandlungen hat sich G\u00fcnter Horn bereiterkl\u00e4rt, die dringend notwendigen Arbeiten an der Kanalisation im Zuge zuk\u00fcnftiger Arbeiten zu \u00fcbernehmen. Klar ist den Gr\u00fcnen aber auch, dass der Jazzkeller seine Arbeit nicht erst wieder aufnehmen kann, wenn die grunds\u00e4tzlichen Arbeiten in der Hattersheimer Stra\u00dfe beginnen.<\/p>\n<p>Darum gilt es jetzt eine Interimsl\u00f6sung zu finden. Dazu beabsichtigt die Fraktionsvorsitzende der Gr\u00fcnen Bettina Brestel in den n\u00e4chsten Wochen mit dem Vorstand des Jazzkellers ein Treffen zu organisieren, um \u00fcber M\u00f6glichkeiten einer Reaktivierung des Jazzkellers innerhalb der n\u00e4chsten Monate zu beraten. Ob dies m\u00f6glich sein wird, muss gepr\u00fcft und diskutiert werden, ohne die Unterst\u00fctzung durch das Rathaus wird es nicht gelingen k\u00f6nnen. Die Fraktion der Gr\u00fcnen ruft deshalb dazu auf, die im Umlauf befindliche Petition zu unterschreiben:\u00a0<a href=\"https:\/\/www.change.org\/p\/f%C3%BCr-den-erhalt-und-die-sanierung-des-jazzkellers-hofheim\">https:\/\/www.change.org\/p\/f%C3%BCr-den-erhalt-und-die-sanierung-des-jazzkellers-hofheim<\/a><\/p>\n<p>\u201eDer Jazzkeller stellt seit Jahrzehnten einen Anlaufpunkt dar, in dem eine besondere Art von Nischenkultur gelebt wird. Ich selbst bin diesen Verein eng verbunden. Der Jazzkeller macht Hofheim bunter und vielf\u00e4ltiger und leistet f\u00fcr viele Hofheimerinnen und Hofheimer einen unsch\u00e4tzbaren Beitrag zum sozialen Leben\u201c, so Bettina Brestel.<\/p>\n","protected":false},"excerpt":{"rendered":"<p>Gr\u00fcne Stadtverordnetenfraktion setzt sich f\u00fcr den Erhalt und die Sanierung des Jazzkellers Hofheim ein Als der Gr\u00fcne Erste Stadtrat Daniel Philipp f\u00fcr Montag, den 10. November 2025 zum Arbeitskreis \u201eHattersheimer [&hellip;]<\/p>\n","protected":false},"author":-1,"featured_media":0,"comment_status":"open","ping_status":"open","sticky":false,"template":"","format":"standard","meta":{"footnotes":""},"categories":[11],"tags":[],"class_list":["post-3272","post","type-post","status-publish","format-standard","hentry","category-pressemitteilung"],"_links":{"self":[{"href":"https:\/\/gruene-hofheim.de\/index.php?rest_route=\/wp\/v2\/posts\/3272","targetHints":{"allow":["GET"]}}],"collection":[{"href":"https:\/\/gruene-hofheim.de\/index.php?rest_route=\/wp\/v2\/posts"}],"about":[{"href":"https:\/\/gruene-hofheim.de\/index.php?rest_route=\/wp\/v2\/types\/post"}],"author":[{"embeddable":true,"href":"https:\/\/gruene-hofheim.de\/index.php?rest_route=\/wp\/v2\/users\/1"}],"replies":[{"embeddable":true,"href":"https:\/\/gruene-hofheim.de\/index.php?rest_route=%2Fwp%2Fv2%2Fcomments&post=3272"}],"version-history":[{"count":2,"href":"https:\/\/gruene-hofheim.de\/index.php?rest_route=\/wp\/v2\/posts\/3272\/revisions"}],"predecessor-version":[{"id":3274,"href":"https:\/\/gruene-hofheim.de\/index.php?rest_route=\/wp\/v2\/posts\/3272\/revisions\/3274"}],"wp:attachment":[{"href":"https:\/\/gruene-hofheim.de\/index.php?rest_route=%2Fwp%2Fv2%2Fmedia&parent=3272"}],"wp:term":[{"taxonomy":"category","embeddable":true,"href":"https:\/\/gruene-hofheim.de\/index.php?rest_route=%2Fwp%2Fv2%2Fcategories&post=3272"},{"taxonomy":"post_tag","embeddable":true,"href":"https:\/\/gruene-hofheim.de\/index.php?rest_route=%2Fwp%2Fv2%2Ftags&post=3272"}],"curies":[{"name":"wp","href":"https:\/\/api.w.org\/{rel}","templated":true}]}}