{"id":3275,"date":"2025-11-18T22:09:06","date_gmt":"2025-11-18T22:09:06","guid":{"rendered":"https:\/\/gruene-hofheim.de\/?p=3275"},"modified":"2025-11-18T22:09:07","modified_gmt":"2025-11-18T22:09:07","slug":"pm-liste-ob-marxheim","status":"publish","type":"post","link":"https:\/\/gruene-hofheim.de\/?p=3275","title":{"rendered":"PM: Liste OB Marxheim"},"content":{"rendered":"\n<h2 class=\"wp-block-heading\">Kommunalwahl 2026: Gr\u00fcne treten mit einem starkem Team f\u00fcr den Ortsbeirat Marxheim an.<\/h2>\n\n\n\n<div>An der Spitze des aus f\u00fcnf Frauen und vier M\u00e4nnern bestehenden Gr\u00fcnen Teams f\u00fcr den Ortsbeirat Marxheim stehen Dr. Anja Gabe, 56 Jahre, Tier\u00e4rztin, und Oliver Christ, 59 Jahre, Inhaber eines Fachgesch\u00e4ftes in Marxheim. W\u00e4hrend Anja Gabe \u00fcber erste politische Erfahrungen als Beisitzerin im Kreisvorstand der Gr\u00fcnen im Main-Taunus-Kreis verf\u00fcgt, ist Oliver Christ mit Mandaten im Ortsbeirat, in der Stadtverordnetenversammlung und im Kreistag ein erfahrener Kommunalpolitiker. Anja Gabe tritt dar\u00fcber hinaus auf Listenplatz 19 f\u00fcr die Stadtverordnetenversammlung an, Oliver Christ auf Platz 8.<\/div>\n<div>\u00a0<\/div>\n<div>Auf dem Marxheimer Listenplatz 3 tritt erstmals Beate Ramrath-Adam, 67 Jahre, an. Sie arbeitete als F\u00f6rderschullehrerin und engagiert sich insbesondere f\u00fcr Inklusion, Seniorinnen und Senioren sowie f\u00fcr Radwege.<\/div>\n<div>\u00a0<\/div>\n<div>Philipp Manderscheid (Listenplatz 4 f\u00fcr den Ortsbeirat sowie Listenplatz 32 f\u00fcr die Stadtverordnetenversammlung), 42 Jahre, F\u00fchrungskraft in einem IT-Unternehmen, kandidiert ebenfalls zum ersten Mal. Er tritt vor allem f\u00fcr die F\u00f6rderung des Radverkehrs, insbesondere in Form der geplanten Fu\u00df- und Fahrradbr\u00fccke zwischen Marxheim und der Kernstadt ein. Ihm ist wichtig, dass Fortschritt \u00f6kologisch sinnvoll ist und die B\u00fcrgerinnen und B\u00fcrger bei diesen Ver\u00e4nderungen inhaltlich mitgenommen werden.<\/div>\n<div>\u00a0<\/div>\n<div>Auf Listenplatz 5 folgt Christina Hauck, 42 Jahre, Lehrerin und Leiterin einer gymnasialen Oberstufe. Sie geh\u00f6rt bereits dem amtierenden Ortsbeirat Marxheim an und m\u00f6chte sich weiterhin vor allem f\u00fcr soziale Themen wie Inklusion sowie f\u00fcr den Erhalt der Biodiversit\u00e4t einsetzen.<\/div>\n<div>\u00a0<\/div>\n<div>Auf Listenplatz 6 (sowie Listenplatz 30 f\u00fcr die Stadtverordnetenversammlung) kandidiert erstmalig Falk Bruckmann, 43 Jahre, der im Bereich der Gesch\u00e4ftsentwicklung in einem internationalen Unternehmen t\u00e4tig ist. Er will sich insbesondere f\u00fcr Angebote an die Jugend in Marxheim einsetzen. Dar\u00fcber hinaus tritt er ein f\u00fcr den Schutz unserer heimischen Arten und f\u00fcr L\u00f6sungen zur \u00dcberwachung invasiver Arten.<\/div>\n<div>\u00a0<\/div>\n<div>Gaby Colpe-Decker (Listenplatz 7 f\u00fcr den Ortsbeirat sowie Listenplatz 9 f\u00fcr die Stadtverordnetenversammlung), 65 Jahre, ist Co-Vorsitzende des Gr\u00fcnen Ortsverbandes, amtierendes Mitglied des Ortsbeirates sowie der Stadtverordnetenversammlung. Beruflich verf\u00fcgt sie \u00fcber einige<\/div>\n<div>Jahrzehnte Erfahrung in der IT eines gro\u00dfen Konzerns. Wichtig ist ihr der Ausbau der erneuerbaren Energien mit der M\u00f6glichkeit, die B\u00fcrgerinnen und B\u00fcrger z.B. \u00fcber Genossenschaftsmodelle daran teilhaben zu lassen, sowie der Erhalt von wertvollen B\u00f6den und Natur.<\/div>\n<div>\u00a0<\/div>\n<div>Peter Cisarz (Listenplatz 8), 60 Jahre, arbeitet als Maschinenbauingenieur in Frankfurt. Er nutzt f\u00fcr den Weg zur Arbeit das Fahrrad und wartet wie viele andere schon lange auf den Radschnellweg FRM 3. Seit einigen Jahren ist er als aktives Mitglied im Verein f\u00fcr Heimatgeschichte t\u00e4tig und bringt sich hier mit viel Herzblut ein.<\/div>\n<div>\u00a0<\/div>\n<div>Abgerundet wird die Liste auf Platz 9 von Christa Katzenbach (Listenplatz 7 f\u00fcr die Stadtverordnetenversammlung), 70 Jahre, amtierendes Mitglied im Ortsbeirat, in der Stadtverordnetenversammlung und im Kreistag. Als ehemalige Leiterin der Kita \u201eSpatzennest\u201csetzt die<\/div>\n<div>Sozialp\u00e4dagogin sich f\u00fcr einen bedarfsgerechten Ausbau der Kinderbetreuungsangebote ein. Besonders wichtig ist ihr, dass Kinder und Jugendliche mehr geh\u00f6rt werden.<\/div>\n<div>\u00a0<\/div>\n<div>\u201eIch freue mich sehr, so viele motivierte Gr\u00fcne Kandidatinnen und Kandidaten vor mir auf der Ortsbeiratsliste zu haben und bin mir sicher, dass es uns gelingen wird, neue Impulse in den Ortsbeirat Marxheim einzubringen\u201c, so Christa Katzenbach im Anschluss an die Listenaufstellung am 06.11.2025.<\/div>\n","protected":false},"excerpt":{"rendered":"<p>Kommunalwahl 2026: Gr\u00fcne treten mit einem starkem Team f\u00fcr den Ortsbeirat Marxheim an. An der Spitze des aus f\u00fcnf Frauen und vier M\u00e4nnern bestehenden Gr\u00fcnen Teams f\u00fcr den Ortsbeirat Marxheim [&hellip;]<\/p>\n","protected":false},"author":-1,"featured_media":3276,"comment_status":"open","ping_status":"open","sticky":false,"template":"","format":"standard","meta":{"footnotes":""},"categories":[111,11],"tags":[],"class_list":["post-3275","post","type-post","status-publish","format-standard","has-post-thumbnail","hentry","category-kommunalwahl-2026","category-pressemitteilung"],"_links":{"self":[{"href":"https:\/\/gruene-hofheim.de\/index.php?rest_route=\/wp\/v2\/posts\/3275","targetHints":{"allow":["GET"]}}],"collection":[{"href":"https:\/\/gruene-hofheim.de\/index.php?rest_route=\/wp\/v2\/posts"}],"about":[{"href":"https:\/\/gruene-hofheim.de\/index.php?rest_route=\/wp\/v2\/types\/post"}],"author":[{"embeddable":true,"href":"https:\/\/gruene-hofheim.de\/index.php?rest_route=\/wp\/v2\/users\/1"}],"replies":[{"embeddable":true,"href":"https:\/\/gruene-hofheim.de\/index.php?rest_route=%2Fwp%2Fv2%2Fcomments&post=3275"}],"version-history":[{"count":1,"href":"https:\/\/gruene-hofheim.de\/index.php?rest_route=\/wp\/v2\/posts\/3275\/revisions"}],"predecessor-version":[{"id":3277,"href":"https:\/\/gruene-hofheim.de\/index.php?rest_route=\/wp\/v2\/posts\/3275\/revisions\/3277"}],"wp:featuredmedia":[{"embeddable":true,"href":"https:\/\/gruene-hofheim.de\/index.php?rest_route=\/wp\/v2\/media\/3276"}],"wp:attachment":[{"href":"https:\/\/gruene-hofheim.de\/index.php?rest_route=%2Fwp%2Fv2%2Fmedia&parent=3275"}],"wp:term":[{"taxonomy":"category","embeddable":true,"href":"https:\/\/gruene-hofheim.de\/index.php?rest_route=%2Fwp%2Fv2%2Fcategories&post=3275"},{"taxonomy":"post_tag","embeddable":true,"href":"https:\/\/gruene-hofheim.de\/index.php?rest_route=%2Fwp%2Fv2%2Ftags&post=3275"}],"curies":[{"name":"wp","href":"https:\/\/api.w.org\/{rel}","templated":true}]}}