{"id":3283,"date":"2025-11-22T17:05:15","date_gmt":"2025-11-22T17:05:15","guid":{"rendered":"https:\/\/gruene-hofheim.de\/?p=3283"},"modified":"2025-11-22T17:05:16","modified_gmt":"2025-11-22T17:05:16","slug":"pm-volkstrauertag-wallau","status":"publish","type":"post","link":"https:\/\/gruene-hofheim.de\/?p=3283","title":{"rendered":"PM: Volkstrauertag Wallau"},"content":{"rendered":"\n<p><strong>Gr\u00fcne Stadtverordnetenfraktion zurRede des stellvertretenden Wallauer Ortsvorstehers<\/strong><\/p>\n<p>Mit Best\u00fcrzung hat die Fraktion der Hofheimer Gr\u00fcnen die Rede des stellvertretenden Wallauer Ortsvorstehers, Herrn Oliver Vogt, zum Volkstrauertag zur Kenntnis genommen. Vogt nutzte diesen traditionellen Gedenktag, um unhaltbare \u00c4u\u00dferungen kundzutun. Nach seinen Worten werde an den \u201estaatlichen Erziehungsanstalten und Universit\u00e4ten\u201c heute \u00fcber solche Dinge wie Wokeness oder Klimawandel unterrichtet, aber ein fundierter Unterricht \u00fcber deutsche und europ\u00e4ische Geschichte kleingehalten. Nach unserer Meinung gebraucht Vogt hiermit den Begriff der Wokeness, der f\u00fcr Wachsamkeit insbesondere im Hinblick auf rassistische und sexistische Diskriminierung sowie soziale Ungleichheit steht, ganz klar abwertend. Dar\u00fcber hinaus bagatellisiert er den Klimawandel.<\/p>\n<p>\u201eSollte es tats\u00e4chlich Vogts Wahrnehmung sein, dass diesen beiden essentiellen Themen in der Schule \u00fcberm\u00e4\u00dfig Gewicht gegeben und daf\u00fcr die deutsche Geschichte vernachl\u00e4ssigt wird, k\u00f6nnen wir ihm nur dringend empfehlen, seine Kritik dem Hessischen Kultusministerium mitzuteilen und uns Hofheimer damit zu verschonen\u201c, so die Fraktionsvorsitzende der Hofheimer Gr\u00fcnen, Bettina Brestel.<\/p>\n<p>Mit seiner \u00c4u\u00dferung, auch in unseren St\u00e4dten und Gemeinden w\u00fcrden mittlerweile \u201eb\u00fcrgerkriegs\u00e4hnliche Zust\u00e4nde mit Gewalt und Rechtlosigkeit\u201c herrschen, beteiligt Vogt sich nach unserer Meinung an der Verbreitung rechtspopulistischen Gedankenguts.<\/p>\n<p>Am Volkstrauertag wird der Opfer von Gewalt und Krieg gedacht. Die Rede des stellvertretenden Ortsvorstehers wird dem Gedenktag in keiner Weise gerecht.<\/p>\n<p>Wir gehen davon aus, dass der Ortsbeirat Wallau vorab \u00fcber diese Rede nicht informiert war und dass es sich auch nicht um die \u00dcberzeugung aller Mandatstr\u00e4ger in diesem Gremium handelt.<\/p>\n<p>Wir hoffen dazu auf eine Stellungnahme der FWG, deren Mitglied Oliver Vogt ja derzeit bekannterma\u00dfen ist und deren Mandat er im Ortsbeirat innehat.<\/p>\n\n\n\n\n","protected":false},"excerpt":{"rendered":"<p>Gr\u00fcne Stadtverordnetenfraktion zurRede des stellvertretenden Wallauer Ortsvorstehers Mit Best\u00fcrzung hat die Fraktion der Hofheimer Gr\u00fcnen die Rede des stellvertretenden Wallauer Ortsvorstehers, Herrn Oliver Vogt, zum Volkstrauertag zur Kenntnis genommen. Vogt [&hellip;]<\/p>\n","protected":false},"author":-1,"featured_media":0,"comment_status":"open","ping_status":"open","sticky":false,"template":"","format":"standard","meta":{"footnotes":""},"categories":[11],"tags":[],"class_list":["post-3283","post","type-post","status-publish","format-standard","hentry","category-pressemitteilung"],"_links":{"self":[{"href":"https:\/\/gruene-hofheim.de\/index.php?rest_route=\/wp\/v2\/posts\/3283","targetHints":{"allow":["GET"]}}],"collection":[{"href":"https:\/\/gruene-hofheim.de\/index.php?rest_route=\/wp\/v2\/posts"}],"about":[{"href":"https:\/\/gruene-hofheim.de\/index.php?rest_route=\/wp\/v2\/types\/post"}],"author":[{"embeddable":true,"href":"https:\/\/gruene-hofheim.de\/index.php?rest_route=\/wp\/v2\/users\/1"}],"replies":[{"embeddable":true,"href":"https:\/\/gruene-hofheim.de\/index.php?rest_route=%2Fwp%2Fv2%2Fcomments&post=3283"}],"version-history":[{"count":1,"href":"https:\/\/gruene-hofheim.de\/index.php?rest_route=\/wp\/v2\/posts\/3283\/revisions"}],"predecessor-version":[{"id":3284,"href":"https:\/\/gruene-hofheim.de\/index.php?rest_route=\/wp\/v2\/posts\/3283\/revisions\/3284"}],"wp:attachment":[{"href":"https:\/\/gruene-hofheim.de\/index.php?rest_route=%2Fwp%2Fv2%2Fmedia&parent=3283"}],"wp:term":[{"taxonomy":"category","embeddable":true,"href":"https:\/\/gruene-hofheim.de\/index.php?rest_route=%2Fwp%2Fv2%2Fcategories&post=3283"},{"taxonomy":"post_tag","embeddable":true,"href":"https:\/\/gruene-hofheim.de\/index.php?rest_route=%2Fwp%2Fv2%2Ftags&post=3283"}],"curies":[{"name":"wp","href":"https:\/\/api.w.org\/{rel}","templated":true}]}}