{"id":3289,"date":"2025-11-26T16:33:43","date_gmt":"2025-11-26T16:33:43","guid":{"rendered":"https:\/\/gruene-hofheim.de\/?p=3289"},"modified":"2025-11-26T16:38:02","modified_gmt":"2025-11-26T16:38:02","slug":"pm-liste-wallau","status":"publish","type":"post","link":"https:\/\/gruene-hofheim.de\/?p=3289","title":{"rendered":"PM: Liste Wallau"},"content":{"rendered":"\n<div><strong>Listenaufstellung der Gr\u00fcnen f\u00fcr den Ortsbeirat Wallau: Michael Paulus bekommt Verst\u00e4rkung<\/strong><\/div>\n<div>\u00a0<\/div>\n<div>Mit der Listenaufstellung f\u00fcr den Ortsbeirat Wallau am 06.11.2025 fand sich erstmals ein vierk\u00f6pfiges Team zusammen.<\/div>\n<div>\u00a0<\/div>\n<div>Michael Paulus (61), Diplom-Physiker, der auf Listenplatz 1 antritt, ist begeistert von so viel Unterst\u00fctzung. Seit 2021 vertritt er B\u00fcndnis 90\/Die Gr\u00fcnen im Wallauer Ortsbeirat und wird aufgrund seiner analytischen F\u00e4higkeiten nicht nur von den Gr\u00fcnen sehr gesch\u00e4tzt. Wichtig ist ihm umweltfreundliche Mobilit\u00e4t, vor allem eine bessere Vernetzung der Orte untereinander mit \u00f6ffentlichen Verkehrsmitteln und fahrradtauglichen Wegen. Er setzt sich ein f\u00fcr die Bebauung des Gel\u00e4ndes der ehemaligen L\u00e4ndcheshalle unter Ber\u00fccksichtigung der Ergebnisse der beiden B\u00fcrger-Workshops. Absolute Priorit\u00e4t hat f\u00fcr ihn das geplante Gesundheitszentrum zur Sicherung der medizinischen Versorgung in Wallau.<\/div>\n<div>\u00a0<\/div>\n<div>Auf Listenplatz 2 folgt Annkathrin Tempel (38), Landwirtin auf dem Biohof Schlagm\u00fchle. Als Mutter von zwei Kindern liegt es ihr am Herzen, dass Wallau attraktiv f\u00fcr Familien mit Kindern bleibt. Sie wird sich<\/div>\n<div>stark daf\u00fcr einsetzen, dass Gr\u00fcn- und landwirtschaftliche Fl\u00e4chen in Wallau erhalten bleiben und die Fl\u00e4chenversiegelung auf ein Minimum reduziert wird.<\/div>\n<div>\u00a0<\/div>\n<div>Peter Strau\u00df (57), Werbetexter, tritt auf Listenplatz 3 an. Er setzt sich ein f\u00fcr den Erhalt und die Entwicklung der \u00f6rtlichen Nahversorgung und die Belebung des Ortskerns und des Recepturhofs als Ort der Begegnung mit hoher Aufenthaltsqualit\u00e4t f\u00fcr Jung und Alt. Die Ansiedlung von Gesch\u00e4ften, Dienstleistungsbetrieben und Gastronomie soll durch geeignete Ma\u00dfnahmen der Wirtschaftsf\u00f6rderung unterst\u00fctzt werden.<\/div>\n<div>\u00a0<\/div>\n<div>Abgerundet wird die Liste auf Platz 4 von Bianca Strau\u00df (55), die 2019 Gr\u00fcne B\u00fcrgemeister-Kandidatin f\u00fcr Hofheim war. Die Hofheimer Gr\u00fcnen sind gl\u00fccklich dar\u00fcber, dass sie jetzt bereit ist, sich mit ihrer ganzen<\/div>\n<div>politischen Erfahrung f\u00fcr Wallau einzusetzen Die Journalistin ist aktuell t\u00e4tig im Management eines sozialen Bildungstr\u00e4gers. Sie will sich f\u00fcr die Belange von Kindern und Jugendlichen in Wallau stark<\/div>\n<div>machen. Ein weiteres wichtiges Anliegen ist es ihr, sich f\u00fcr die F\u00f6rderung der Vereine einzusetzen.<\/div>\n<div>\u00a0<\/div>\n<div>Im Hinblick auf die Kommunalwahlen im M\u00e4rz 2026 erkl\u00e4rt Michael Paulus \u201eMeine politische Arbeit f\u00fcr Wallau will ich fortf\u00fchren und freue mich, dass ich hierbei nicht mehr alleine bin, sondern Teil eines starken Teams, das Erfahrungen aus unterschiedlichen Bereichen einbringt.\u201c<\/div>\n<div>\u00a0<\/div>\n","protected":false},"excerpt":{"rendered":"<p>Listenaufstellung der Gr\u00fcnen f\u00fcr den Ortsbeirat Wallau: Michael Paulus bekommt Verst\u00e4rkung \u00a0 Mit der Listenaufstellung f\u00fcr den Ortsbeirat Wallau am 06.11.2025 fand sich erstmals ein vierk\u00f6pfiges Team zusammen. \u00a0 Michael [&hellip;]<\/p>\n","protected":false},"author":-1,"featured_media":3290,"comment_status":"open","ping_status":"open","sticky":false,"template":"","format":"standard","meta":{"footnotes":""},"categories":[1],"tags":[],"class_list":["post-3289","post","type-post","status-publish","format-standard","has-post-thumbnail","hentry","category-allgemein"],"_links":{"self":[{"href":"https:\/\/gruene-hofheim.de\/index.php?rest_route=\/wp\/v2\/posts\/3289","targetHints":{"allow":["GET"]}}],"collection":[{"href":"https:\/\/gruene-hofheim.de\/index.php?rest_route=\/wp\/v2\/posts"}],"about":[{"href":"https:\/\/gruene-hofheim.de\/index.php?rest_route=\/wp\/v2\/types\/post"}],"author":[{"embeddable":true,"href":"https:\/\/gruene-hofheim.de\/index.php?rest_route=\/wp\/v2\/users\/1"}],"replies":[{"embeddable":true,"href":"https:\/\/gruene-hofheim.de\/index.php?rest_route=%2Fwp%2Fv2%2Fcomments&post=3289"}],"version-history":[{"count":2,"href":"https:\/\/gruene-hofheim.de\/index.php?rest_route=\/wp\/v2\/posts\/3289\/revisions"}],"predecessor-version":[{"id":3292,"href":"https:\/\/gruene-hofheim.de\/index.php?rest_route=\/wp\/v2\/posts\/3289\/revisions\/3292"}],"wp:featuredmedia":[{"embeddable":true,"href":"https:\/\/gruene-hofheim.de\/index.php?rest_route=\/wp\/v2\/media\/3290"}],"wp:attachment":[{"href":"https:\/\/gruene-hofheim.de\/index.php?rest_route=%2Fwp%2Fv2%2Fmedia&parent=3289"}],"wp:term":[{"taxonomy":"category","embeddable":true,"href":"https:\/\/gruene-hofheim.de\/index.php?rest_route=%2Fwp%2Fv2%2Fcategories&post=3289"},{"taxonomy":"post_tag","embeddable":true,"href":"https:\/\/gruene-hofheim.de\/index.php?rest_route=%2Fwp%2Fv2%2Ftags&post=3289"}],"curies":[{"name":"wp","href":"https:\/\/api.w.org\/{rel}","templated":true}]}}