{"id":3293,"date":"2025-11-26T16:40:27","date_gmt":"2025-11-26T16:40:27","guid":{"rendered":"https:\/\/gruene-hofheim.de\/?p=3293"},"modified":"2025-11-26T16:40:29","modified_gmt":"2025-11-26T16:40:29","slug":"pm-veraenderung-vorstand","status":"publish","type":"post","link":"https:\/\/gruene-hofheim.de\/?p=3293","title":{"rendered":"PM: Ver\u00e4nderung Vorstand"},"content":{"rendered":"\n<div><strong>Gaby Colpe-Decker scheidet auf eigenen Wunsch aus dem Vorstand des <\/strong><strong>Hofheimer Gr\u00fcnen Ortsverbandes aus<\/strong><\/div>\n<div>\u00a0<\/div>\n<div>Der Ortsverband B\u00fcndnis 90\/Die Gr\u00fcnen Hofheim am Taunus teilt mit, dass es in der Vorstandsgruppe zu einer Ver\u00e4nderung kommen wird. Co-Vorsitzende Gaby Colpe Decker hat sich daf\u00fcr entschieden, sich im<\/div>\n<div>Zuge des Wahlkampfes in den n\u00e4chsten Monaten sehr viel intensiver der Fraktionsarbeit und somit der direkten politischen Arbeit zuzuwenden. Das Vorstandsteam verzichtet nur au\u00dferordentlich ungern auf<\/div>\n<div>Colpe-Deckers solidarische und freundschaftliche Unterst\u00fctzung, kann aber ihren Wunsch, mehr Zeit in ihr Mandat als Stadtverordnete zu investieren, sehr gut nachvollziehen. Als Stadtverordnete, stellvertretende Vorsitzende des Forstausschusses und Mitglied des Arbeitskreises Energie f\u00fchlt sie sich den B\u00fcrgerinnen und B\u00fcrgern gegen\u00fcber stark in der Pflicht. Diese Entscheidung ist f\u00fcr die Gr\u00fcnen, die die Komplexit\u00e4t der Vorg\u00e4nge in der Kommunalpolitik kennen, absolut nachvollziehbar. Die Gr\u00fcnen bedauern das Ausscheiden von Gaby aus dem Vorstand, haben jedoch auch Verst\u00e4ndnis f\u00fcr ihre ge\u00e4nderte Priorit\u00e4tensetzung.<\/div>\n<div>\u00a0<\/div>\n<div>Gaby Colpe-Decker hat es in den vergangenen Jahren mit ihrer Pr\u00e4senz und Energie den Gr\u00fcnen erm\u00f6glicht, sich an unz\u00e4hligen Aktivit\u00e4ten in der Hofheimer Gesellschaft zu beteiligen. Es gab nicht eine einzige Veranstaltung, die ohne ihre Unterst\u00fctzung umgesetzt worden w\u00e4re. Ihr Engagement und ihr unbedingter Wille und Einsatz, um selbst kurzfristige Anforderungen zum Wohle der Gr\u00fcnen in Hofheim zu meistern, wird dem Team sehr fehlen. Trotzdem wird es auf der Grundlage ihrer Arbeit gut weitergehen.<\/div>\n<div>\u00a0<\/div>\n<div>Olaf Bruhn, Co-Vorsitzender des Ortsverbandes erkl\u00e4rt: \u201eWichtig ist uns, dass wir mit Gaby Colpe Decker weiterhin eine solidarische und aktive Gr\u00fcne in der Stadtverordnetenversammlung haben. Wir wissen, wie schwer ihr die Entscheidung gefallen ist, sich zugunsten der politischen Arbeit aus den Organisationsaufgaben zur\u00fcckzuziehen. Wir werden sie im kommenden Wahlkampf mit allen Kr\u00e4ften unterst\u00fctzen, damit sie uns auch in Zukunft in der Stadtverordnetenversammlung vertreten wird.\u201c<\/div>\n","protected":false},"excerpt":{"rendered":"<p>Gaby Colpe-Decker scheidet auf eigenen Wunsch aus dem Vorstand des Hofheimer Gr\u00fcnen Ortsverbandes aus \u00a0 Der Ortsverband B\u00fcndnis 90\/Die Gr\u00fcnen Hofheim am Taunus teilt mit, dass es in der Vorstandsgruppe [&hellip;]<\/p>\n","protected":false},"author":-1,"featured_media":0,"comment_status":"open","ping_status":"open","sticky":false,"template":"","format":"standard","meta":{"footnotes":""},"categories":[1],"tags":[],"class_list":["post-3293","post","type-post","status-publish","format-standard","hentry","category-allgemein"],"_links":{"self":[{"href":"https:\/\/gruene-hofheim.de\/index.php?rest_route=\/wp\/v2\/posts\/3293","targetHints":{"allow":["GET"]}}],"collection":[{"href":"https:\/\/gruene-hofheim.de\/index.php?rest_route=\/wp\/v2\/posts"}],"about":[{"href":"https:\/\/gruene-hofheim.de\/index.php?rest_route=\/wp\/v2\/types\/post"}],"author":[{"embeddable":true,"href":"https:\/\/gruene-hofheim.de\/index.php?rest_route=\/wp\/v2\/users\/1"}],"replies":[{"embeddable":true,"href":"https:\/\/gruene-hofheim.de\/index.php?rest_route=%2Fwp%2Fv2%2Fcomments&post=3293"}],"version-history":[{"count":1,"href":"https:\/\/gruene-hofheim.de\/index.php?rest_route=\/wp\/v2\/posts\/3293\/revisions"}],"predecessor-version":[{"id":3294,"href":"https:\/\/gruene-hofheim.de\/index.php?rest_route=\/wp\/v2\/posts\/3293\/revisions\/3294"}],"wp:attachment":[{"href":"https:\/\/gruene-hofheim.de\/index.php?rest_route=%2Fwp%2Fv2%2Fmedia&parent=3293"}],"wp:term":[{"taxonomy":"category","embeddable":true,"href":"https:\/\/gruene-hofheim.de\/index.php?rest_route=%2Fwp%2Fv2%2Fcategories&post=3293"},{"taxonomy":"post_tag","embeddable":true,"href":"https:\/\/gruene-hofheim.de\/index.php?rest_route=%2Fwp%2Fv2%2Ftags&post=3293"}],"curies":[{"name":"wp","href":"https:\/\/api.w.org\/{rel}","templated":true}]}}